{"id":23047,"date":"2025-02-06T12:15:02","date_gmt":"2025-02-06T11:15:02","guid":{"rendered":"https:\/\/www.aspion.de\/?p=23047"},"modified":"2025-04-15T17:13:13","modified_gmt":"2025-04-15T16:13:13","slug":"aspion-at-the-trade-press-days-2025","status":"publish","type":"post","link":"https:\/\/www.aspion.de\/en\/aspion-at-the-trade-press-days-2025\/","title":{"rendered":"ASPION at the trade press days 2025"},"content":{"rendered":"\n\n\t<p>On February 4 and 5, 2025, ASPION CEO and CTO Michael W\u00f6hr presented the new multi-sensor data\u00a0 logger<a href=\"https:\/\/www.aspion.de\/en\/iot-live-asset-tracking-l-track\/\" target=\"_blank\" rel=\"noopener\"><strong> ASPION L-Track <\/strong><\/a>at the &#8220;<a href=\"https:\/\/fachpressetage.rbsonline.de\/\" target=\"_blank\" rel=\"noopener\"><strong>Fachpressetage 2025<\/strong><\/a>&#8221; (engl. trade press days) in Karlsruhe.<\/p>\n<p>The all-round successful event gave ASPION managing directors Martina and Michael W\u00f6hr the opportunity to present their newest innovations to numerous editors in addition to the technical presentation. The focus was on the <strong>ASPION L-Track as a flexible sensor and IoT platform and out-of-the-box complete solution<\/strong> for global 360\u00b0 live monitoring of transported goods.<\/p>\n<p>A big thank you to <a href=\"https:\/\/web.rbsonline.de\/\" target=\"_blank\" rel=\"noopener\"><strong>rbs Redaktionsb\u00fcro Stutensee<\/strong><\/a> for the successful organization. And, of course, thanks to all press representatives for the fruitful discussions.<\/p>\n\t\t\t\t<a href=\"https:\/\/fachpressetage.rbsonline.de\/\" target=\"_blank\" rel=\"noopener\"  itemprop=\"url\">\n\t\t\t\t<img decoding=\"async\" src=\"https:\/\/www.aspion.de\/wp-content\/uploads\/2025\/04\/michael-woehr-gf-aspion-auf-den-fachpressetage2025-1024x683.jpg\" alt=\"Michael W\u00f6hr Gesch\u00e4ftsf\u00fchrer der Aspion GmbH auf den Fachpressetage 2025\" itemprop=\"image\" height=\"683\" width=\"1024\" title=\"michael-woehr-gf-aspion-auf-den-fachpressetage2025\" onerror=\"this.style.display='none'\"  \/>\n\t\t\t\t<\/a>\n\t\t\t<a href=\"https:\/\/fachpressetage.rbsonline.de\/\" target=\"_blank\" rel=\"noopener\">\n\t\t\t\t\t\tto the trade press days 2025\n\t\t\t\t\t<\/a>\n\t<h2>Impressions from the trade press days 2025 at GenoHotel Karlsruhe<\/h2>\n\n\t\t\t<a href=\"https:\/\/lightroom.adobe.com\/shares\/d237579a4f324478b41fd78d75aeaae5\" target=\"_blank\" rel=\"noopener\">\n\t\t\t\t\t\tmore impressions from the organizer\n\t\t\t\t\t<\/a>\n\n","protected":false},"excerpt":{"rendered":"<p>On February 4 and 5, 2025, ASPION CEO and CTO Michael W\u00f6hr presented the new multi-sensor data\u00a0 logger ASPION L-Track at the &#8220;Fachpressetage 2025&#8221; (engl. trade press days) in Karlsruhe. The all-round successful event gave ASPION managing directors Martina and Michael W\u00f6hr the opportunity to present their newest innovations to numerous editors in addition to&hellip;<\/p>\n","protected":false},"author":1447,"featured_media":23025,"comment_status":"closed","ping_status":"closed","sticky":false,"template":"","format":"standard","meta":{"_acf_changed":false,"footnotes":""},"categories":[62,70],"tags":[],"class_list":["post-23047","post","type-post","status-publish","format-standard","has-post-thumbnail","hentry","category-all-news","category-press-events"],"acf":[],"yoast_head":"<!-- This site is optimized with the Yoast SEO Premium plugin v27.5 (Yoast SEO v27.5) - https:\/\/yoast.com\/product\/yoast-seo-premium-wordpress\/ -->\n<title>ASPION at the trade press days 2025 | ASPION GmbH \u2013 Profi-Datenlogger f\u00fcr Schock und Sto\u00df - f\u00fcr die Industrie<\/title>\n<meta name=\"description\" content=\"ASPION Managing Director Michael W\u00f6hr presented the new IoT platform at the rbs Redaktionsb\u00fcro Stutensee Specialist Publication Days.\" \/>\n<meta name=\"robots\" content=\"index, follow, max-snippet:-1, max-image-preview:large, max-video-preview:-1\" \/>\n<link rel=\"canonical\" href=\"https:\/\/www.aspion.de\/en\/aspion-at-the-trade-press-days-2025\/\" \/>\n<meta property=\"og:locale\" content=\"en_US\" \/>\n<meta property=\"og:type\" content=\"article\" \/>\n<meta property=\"og:title\" content=\"ASPION at the trade press days 2025\" \/>\n<meta property=\"og:description\" content=\"ASPION Managing Director Michael W\u00f6hr presented the new IoT platform at the rbs Redaktionsb\u00fcro Stutensee Specialist Publication Days.\" \/>\n<meta property=\"og:url\" content=\"https:\/\/www.aspion.de\/en\/aspion-at-the-trade-press-days-2025\/\" \/>\n<meta property=\"og:site_name\" content=\"ASPION GmbH \u2013 Profi-Datenlogger f\u00fcr Schock und Sto\u00df - f\u00fcr die Industrie\" \/>\n<meta property=\"article:published_time\" content=\"2025-02-06T11:15:02+00:00\" \/>\n<meta property=\"article:modified_time\" content=\"2025-04-15T16:13:13+00:00\" \/>\n<meta property=\"og:image\" content=\"https:\/\/www.aspion.de\/wp-content\/uploads\/2025\/04\/michael-woehr-gf-aspion-auf-den-fachpressetage2025-1024x683.jpg\" \/>\n\t<meta property=\"og:image:width\" content=\"1024\" \/>\n\t<meta property=\"og:image:height\" content=\"683\" \/>\n\t<meta property=\"og:image:type\" content=\"image\/jpeg\" \/>\n<meta name=\"author\" content=\"Iris Wandler\" \/>\n<meta name=\"twitter:card\" content=\"summary_large_image\" \/>\n<meta name=\"twitter:label1\" content=\"Written by\" \/>\n\t<meta name=\"twitter:data1\" content=\"Iris Wandler\" \/>\n\t<meta name=\"twitter:label2\" content=\"Est. reading time\" \/>\n\t<meta name=\"twitter:data2\" content=\"2 minutes\" \/>\n<script type=\"application\/ld+json\" class=\"yoast-schema-graph\">{\"@context\":\"https:\\\/\\\/schema.org\",\"@graph\":[{\"@type\":\"Article\",\"@id\":\"https:\\\/\\\/www.aspion.de\\\/en\\\/aspion-at-the-trade-press-days-2025\\\/#article\",\"isPartOf\":{\"@id\":\"https:\\\/\\\/www.aspion.de\\\/en\\\/aspion-at-the-trade-press-days-2025\\\/\"},\"author\":{\"name\":\"Iris Wandler\",\"@id\":\"https:\\\/\\\/www.aspion.de\\\/en\\\/#\\\/schema\\\/person\\\/c9ac074551f5edb096e3c0c57f9f24ac\"},\"headline\":\"ASPION at the trade press days 2025\",\"datePublished\":\"2025-02-06T11:15:02+00:00\",\"dateModified\":\"2025-04-15T16:13:13+00:00\",\"mainEntityOfPage\":{\"@id\":\"https:\\\/\\\/www.aspion.de\\\/en\\\/aspion-at-the-trade-press-days-2025\\\/\"},\"wordCount\":131,\"publisher\":{\"@id\":\"https:\\\/\\\/www.aspion.de\\\/en\\\/#organization\"},\"image\":{\"@id\":\"https:\\\/\\\/www.aspion.de\\\/en\\\/aspion-at-the-trade-press-days-2025\\\/#primaryimage\"},\"thumbnailUrl\":\"https:\\\/\\\/www.aspion.de\\\/wp-content\\\/uploads\\\/2025\\\/04\\\/michael-woehr-gf-aspion-auf-den-fachpressetage2025.jpg\",\"articleSection\":[\"All News\",\"Press &amp; Events\"],\"inLanguage\":\"en-US\"},{\"@type\":\"WebPage\",\"@id\":\"https:\\\/\\\/www.aspion.de\\\/en\\\/aspion-at-the-trade-press-days-2025\\\/\",\"url\":\"https:\\\/\\\/www.aspion.de\\\/en\\\/aspion-at-the-trade-press-days-2025\\\/\",\"name\":\"ASPION at the trade press days 2025 | ASPION GmbH \u2013 Profi-Datenlogger f\u00fcr Schock und Sto\u00df - f\u00fcr die Industrie\",\"isPartOf\":{\"@id\":\"https:\\\/\\\/www.aspion.de\\\/en\\\/#website\"},\"primaryImageOfPage\":{\"@id\":\"https:\\\/\\\/www.aspion.de\\\/en\\\/aspion-at-the-trade-press-days-2025\\\/#primaryimage\"},\"image\":{\"@id\":\"https:\\\/\\\/www.aspion.de\\\/en\\\/aspion-at-the-trade-press-days-2025\\\/#primaryimage\"},\"thumbnailUrl\":\"https:\\\/\\\/www.aspion.de\\\/wp-content\\\/uploads\\\/2025\\\/04\\\/michael-woehr-gf-aspion-auf-den-fachpressetage2025.jpg\",\"datePublished\":\"2025-02-06T11:15:02+00:00\",\"dateModified\":\"2025-04-15T16:13:13+00:00\",\"description\":\"ASPION Managing Director Michael W\u00f6hr presented the new IoT platform at the rbs Redaktionsb\u00fcro Stutensee Specialist Publication Days.\",\"breadcrumb\":{\"@id\":\"https:\\\/\\\/www.aspion.de\\\/en\\\/aspion-at-the-trade-press-days-2025\\\/#breadcrumb\"},\"inLanguage\":\"en-US\",\"potentialAction\":[{\"@type\":\"ReadAction\",\"target\":[\"https:\\\/\\\/www.aspion.de\\\/en\\\/aspion-at-the-trade-press-days-2025\\\/\"]}]},{\"@type\":\"ImageObject\",\"inLanguage\":\"en-US\",\"@id\":\"https:\\\/\\\/www.aspion.de\\\/en\\\/aspion-at-the-trade-press-days-2025\\\/#primaryimage\",\"url\":\"https:\\\/\\\/www.aspion.de\\\/wp-content\\\/uploads\\\/2025\\\/04\\\/michael-woehr-gf-aspion-auf-den-fachpressetage2025.jpg\",\"contentUrl\":\"https:\\\/\\\/www.aspion.de\\\/wp-content\\\/uploads\\\/2025\\\/04\\\/michael-woehr-gf-aspion-auf-den-fachpressetage2025.jpg\",\"width\":5319,\"height\":3546,\"caption\":\"ASPION Gesch\u00e4ftsf\u00fchrer Michael W\u00f6hr die neue innovative Sensor- und IoT-Plattform mit flexiblem 360\u00b0 Live-Tracking auf den Fachpressetage vom rbs Redaktionsb\u00fcro Stutensee in Karlsruhe vor.\"},{\"@type\":\"BreadcrumbList\",\"@id\":\"https:\\\/\\\/www.aspion.de\\\/en\\\/aspion-at-the-trade-press-days-2025\\\/#breadcrumb\",\"itemListElement\":[{\"@type\":\"ListItem\",\"position\":1,\"name\":\"Startseite\",\"item\":\"https:\\\/\\\/www.aspion.de\\\/en\\\/\"},{\"@type\":\"ListItem\",\"position\":2,\"name\":\"ASPION at the trade press days 2025\"}]},{\"@type\":\"WebSite\",\"@id\":\"https:\\\/\\\/www.aspion.de\\\/en\\\/#website\",\"url\":\"https:\\\/\\\/www.aspion.de\\\/en\\\/\",\"name\":\"ASPION GmbH \u2013 Profi-Datenlogger f\u00fcr Schock und Sto\u00df - f\u00fcr die Industrie\",\"description\":\"Datenlogger f\u00fcr Transport\u00fcberwachung von Schock, Temperatur, Feuchte - einfach, kosteng\u00fcnstig, nachhaltig, made in Germany.\",\"publisher\":{\"@id\":\"https:\\\/\\\/www.aspion.de\\\/en\\\/#organization\"},\"potentialAction\":[{\"@type\":\"SearchAction\",\"target\":{\"@type\":\"EntryPoint\",\"urlTemplate\":\"https:\\\/\\\/www.aspion.de\\\/en\\\/?s={search_term_string}\"},\"query-input\":{\"@type\":\"PropertyValueSpecification\",\"valueRequired\":true,\"valueName\":\"search_term_string\"}}],\"inLanguage\":\"en-US\"},{\"@type\":[\"Organization\",\"Place\"],\"@id\":\"https:\\\/\\\/www.aspion.de\\\/en\\\/#organization\",\"name\":\"ASPION GmbH\",\"url\":\"https:\\\/\\\/www.aspion.de\\\/en\\\/\",\"logo\":{\"@id\":\"https:\\\/\\\/www.aspion.de\\\/en\\\/aspion-at-the-trade-press-days-2025\\\/#local-main-organization-logo\"},\"image\":{\"@id\":\"https:\\\/\\\/www.aspion.de\\\/en\\\/aspion-at-the-trade-press-days-2025\\\/#local-main-organization-logo\"},\"sameAs\":[\"https:\\\/\\\/www.linkedin.com\\\/company\\\/aspion-gmbh\",\"https:\\\/\\\/www.youtube.com\\\/channel\\\/UCyPrXy8bNbXMKcp_MQEor3w\"],\"address\":{\"@id\":\"https:\\\/\\\/www.aspion.de\\\/en\\\/aspion-at-the-trade-press-days-2025\\\/#local-main-place-address\"},\"telephone\":[\"+49 721 85149-122\"],\"openingHoursSpecification\":[{\"@type\":\"OpeningHoursSpecification\",\"dayOfWeek\":[\"Monday\",\"Tuesday\",\"Wednesday\",\"Thursday\",\"Friday\",\"Saturday\",\"Sunday\"],\"opens\":\"09:00\",\"closes\":\"17:00\"}],\"email\":\"info@aspion.de\",\"faxNumber\":\"+49 721 85149-090\"},{\"@type\":\"Person\",\"@id\":\"https:\\\/\\\/www.aspion.de\\\/en\\\/#\\\/schema\\\/person\\\/c9ac074551f5edb096e3c0c57f9f24ac\",\"name\":\"Iris Wandler\",\"image\":{\"@type\":\"ImageObject\",\"inLanguage\":\"en-US\",\"@id\":\"https:\\\/\\\/secure.gravatar.com\\\/avatar\\\/a1c4ec72e4ccf52eb2a94ed5fe82d28e72dd931b0b9e6fb3dd302cf4e6011c00?s=96&d=mm&r=g\",\"url\":\"https:\\\/\\\/secure.gravatar.com\\\/avatar\\\/a1c4ec72e4ccf52eb2a94ed5fe82d28e72dd931b0b9e6fb3dd302cf4e6011c00?s=96&d=mm&r=g\",\"contentUrl\":\"https:\\\/\\\/secure.gravatar.com\\\/avatar\\\/a1c4ec72e4ccf52eb2a94ed5fe82d28e72dd931b0b9e6fb3dd302cf4e6011c00?s=96&d=mm&r=g\",\"caption\":\"Iris Wandler\"},\"gender\":\"weiblich\"},{\"@type\":\"PostalAddress\",\"@id\":\"https:\\\/\\\/www.aspion.de\\\/en\\\/aspion-at-the-trade-press-days-2025\\\/#local-main-place-address\",\"streetAddress\":\"Ohiostra\u00dfe 11\",\"addressLocality\":\"Karlsruhe\",\"postalCode\":\"76149\",\"addressRegion\":\"Baden-W\u00fcrttemberg\",\"addressCountry\":\"DE\"},{\"@type\":\"ImageObject\",\"inLanguage\":\"en-US\",\"@id\":\"https:\\\/\\\/www.aspion.de\\\/en\\\/aspion-at-the-trade-press-days-2025\\\/#local-main-organization-logo\",\"url\":\"https:\\\/\\\/www.aspion.de\\\/wp-content\\\/uploads\\\/2014\\\/05\\\/Aspion_GmbH_Active_SensorsPositioning_Logo_1.png\",\"contentUrl\":\"https:\\\/\\\/www.aspion.de\\\/wp-content\\\/uploads\\\/2014\\\/05\\\/Aspion_GmbH_Active_SensorsPositioning_Logo_1.png\",\"width\":280,\"height\":71,\"caption\":\"ASPION GmbH\"}]}<\/script>\n<meta name=\"geo.placename\" content=\"Karlsruhe\" \/>\n<meta name=\"geo.region\" content=\"Germany\" \/>\n<!-- \/ Yoast SEO Premium plugin. -->","yoast_head_json":{"title":"ASPION at the trade press days 2025 | ASPION GmbH \u2013 Profi-Datenlogger f\u00fcr Schock und Sto\u00df - f\u00fcr die Industrie","description":"ASPION Managing Director Michael W\u00f6hr presented the new IoT platform at the rbs Redaktionsb\u00fcro Stutensee Specialist Publication Days.","robots":{"index":"index","follow":"follow","max-snippet":"max-snippet:-1","max-image-preview":"max-image-preview:large","max-video-preview":"max-video-preview:-1"},"canonical":"https:\/\/www.aspion.de\/en\/aspion-at-the-trade-press-days-2025\/","og_locale":"en_US","og_type":"article","og_title":"ASPION at the trade press days 2025","og_description":"ASPION Managing Director Michael W\u00f6hr presented the new IoT platform at the rbs Redaktionsb\u00fcro Stutensee Specialist Publication Days.","og_url":"https:\/\/www.aspion.de\/en\/aspion-at-the-trade-press-days-2025\/","og_site_name":"ASPION GmbH \u2013 Profi-Datenlogger f\u00fcr Schock und Sto\u00df - f\u00fcr die Industrie","article_published_time":"2025-02-06T11:15:02+00:00","article_modified_time":"2025-04-15T16:13:13+00:00","og_image":[{"width":1024,"height":683,"url":"https:\/\/www.aspion.de\/wp-content\/uploads\/2025\/04\/michael-woehr-gf-aspion-auf-den-fachpressetage2025-1024x683.jpg","type":"image\/jpeg"}],"author":"Iris Wandler","twitter_card":"summary_large_image","twitter_misc":{"Written by":"Iris Wandler","Est. reading time":"2 minutes"},"schema":{"@context":"https:\/\/schema.org","@graph":[{"@type":"Article","@id":"https:\/\/www.aspion.de\/en\/aspion-at-the-trade-press-days-2025\/#article","isPartOf":{"@id":"https:\/\/www.aspion.de\/en\/aspion-at-the-trade-press-days-2025\/"},"author":{"name":"Iris Wandler","@id":"https:\/\/www.aspion.de\/en\/#\/schema\/person\/c9ac074551f5edb096e3c0c57f9f24ac"},"headline":"ASPION at the trade press days 2025","datePublished":"2025-02-06T11:15:02+00:00","dateModified":"2025-04-15T16:13:13+00:00","mainEntityOfPage":{"@id":"https:\/\/www.aspion.de\/en\/aspion-at-the-trade-press-days-2025\/"},"wordCount":131,"publisher":{"@id":"https:\/\/www.aspion.de\/en\/#organization"},"image":{"@id":"https:\/\/www.aspion.de\/en\/aspion-at-the-trade-press-days-2025\/#primaryimage"},"thumbnailUrl":"https:\/\/www.aspion.de\/wp-content\/uploads\/2025\/04\/michael-woehr-gf-aspion-auf-den-fachpressetage2025.jpg","articleSection":["All News","Press &amp; Events"],"inLanguage":"en-US"},{"@type":"WebPage","@id":"https:\/\/www.aspion.de\/en\/aspion-at-the-trade-press-days-2025\/","url":"https:\/\/www.aspion.de\/en\/aspion-at-the-trade-press-days-2025\/","name":"ASPION at the trade press days 2025 | ASPION GmbH \u2013 Profi-Datenlogger f\u00fcr Schock und Sto\u00df - f\u00fcr die Industrie","isPartOf":{"@id":"https:\/\/www.aspion.de\/en\/#website"},"primaryImageOfPage":{"@id":"https:\/\/www.aspion.de\/en\/aspion-at-the-trade-press-days-2025\/#primaryimage"},"image":{"@id":"https:\/\/www.aspion.de\/en\/aspion-at-the-trade-press-days-2025\/#primaryimage"},"thumbnailUrl":"https:\/\/www.aspion.de\/wp-content\/uploads\/2025\/04\/michael-woehr-gf-aspion-auf-den-fachpressetage2025.jpg","datePublished":"2025-02-06T11:15:02+00:00","dateModified":"2025-04-15T16:13:13+00:00","description":"ASPION Managing Director Michael W\u00f6hr presented the new IoT platform at the rbs Redaktionsb\u00fcro Stutensee Specialist Publication Days.","breadcrumb":{"@id":"https:\/\/www.aspion.de\/en\/aspion-at-the-trade-press-days-2025\/#breadcrumb"},"inLanguage":"en-US","potentialAction":[{"@type":"ReadAction","target":["https:\/\/www.aspion.de\/en\/aspion-at-the-trade-press-days-2025\/"]}]},{"@type":"ImageObject","inLanguage":"en-US","@id":"https:\/\/www.aspion.de\/en\/aspion-at-the-trade-press-days-2025\/#primaryimage","url":"https:\/\/www.aspion.de\/wp-content\/uploads\/2025\/04\/michael-woehr-gf-aspion-auf-den-fachpressetage2025.jpg","contentUrl":"https:\/\/www.aspion.de\/wp-content\/uploads\/2025\/04\/michael-woehr-gf-aspion-auf-den-fachpressetage2025.jpg","width":5319,"height":3546,"caption":"ASPION Gesch\u00e4ftsf\u00fchrer Michael W\u00f6hr die neue innovative Sensor- und IoT-Plattform mit flexiblem 360\u00b0 Live-Tracking auf den Fachpressetage vom rbs Redaktionsb\u00fcro Stutensee in Karlsruhe vor."},{"@type":"BreadcrumbList","@id":"https:\/\/www.aspion.de\/en\/aspion-at-the-trade-press-days-2025\/#breadcrumb","itemListElement":[{"@type":"ListItem","position":1,"name":"Startseite","item":"https:\/\/www.aspion.de\/en\/"},{"@type":"ListItem","position":2,"name":"ASPION at the trade press days 2025"}]},{"@type":"WebSite","@id":"https:\/\/www.aspion.de\/en\/#website","url":"https:\/\/www.aspion.de\/en\/","name":"ASPION GmbH \u2013 Profi-Datenlogger f\u00fcr Schock und Sto\u00df - f\u00fcr die Industrie","description":"Datenlogger f\u00fcr Transport\u00fcberwachung von Schock, Temperatur, Feuchte - einfach, kosteng\u00fcnstig, nachhaltig, made in Germany.","publisher":{"@id":"https:\/\/www.aspion.de\/en\/#organization"},"potentialAction":[{"@type":"SearchAction","target":{"@type":"EntryPoint","urlTemplate":"https:\/\/www.aspion.de\/en\/?s={search_term_string}"},"query-input":{"@type":"PropertyValueSpecification","valueRequired":true,"valueName":"search_term_string"}}],"inLanguage":"en-US"},{"@type":["Organization","Place"],"@id":"https:\/\/www.aspion.de\/en\/#organization","name":"ASPION GmbH","url":"https:\/\/www.aspion.de\/en\/","logo":{"@id":"https:\/\/www.aspion.de\/en\/aspion-at-the-trade-press-days-2025\/#local-main-organization-logo"},"image":{"@id":"https:\/\/www.aspion.de\/en\/aspion-at-the-trade-press-days-2025\/#local-main-organization-logo"},"sameAs":["https:\/\/www.linkedin.com\/company\/aspion-gmbh","https:\/\/www.youtube.com\/channel\/UCyPrXy8bNbXMKcp_MQEor3w"],"address":{"@id":"https:\/\/www.aspion.de\/en\/aspion-at-the-trade-press-days-2025\/#local-main-place-address"},"telephone":["+49 721 85149-122"],"openingHoursSpecification":[{"@type":"OpeningHoursSpecification","dayOfWeek":["Monday","Tuesday","Wednesday","Thursday","Friday","Saturday","Sunday"],"opens":"09:00","closes":"17:00"}],"email":"info@aspion.de","faxNumber":"+49 721 85149-090"},{"@type":"Person","@id":"https:\/\/www.aspion.de\/en\/#\/schema\/person\/c9ac074551f5edb096e3c0c57f9f24ac","name":"Iris Wandler","image":{"@type":"ImageObject","inLanguage":"en-US","@id":"https:\/\/secure.gravatar.com\/avatar\/a1c4ec72e4ccf52eb2a94ed5fe82d28e72dd931b0b9e6fb3dd302cf4e6011c00?s=96&d=mm&r=g","url":"https:\/\/secure.gravatar.com\/avatar\/a1c4ec72e4ccf52eb2a94ed5fe82d28e72dd931b0b9e6fb3dd302cf4e6011c00?s=96&d=mm&r=g","contentUrl":"https:\/\/secure.gravatar.com\/avatar\/a1c4ec72e4ccf52eb2a94ed5fe82d28e72dd931b0b9e6fb3dd302cf4e6011c00?s=96&d=mm&r=g","caption":"Iris Wandler"},"gender":"weiblich"},{"@type":"PostalAddress","@id":"https:\/\/www.aspion.de\/en\/aspion-at-the-trade-press-days-2025\/#local-main-place-address","streetAddress":"Ohiostra\u00dfe 11","addressLocality":"Karlsruhe","postalCode":"76149","addressRegion":"Baden-W\u00fcrttemberg","addressCountry":"DE"},{"@type":"ImageObject","inLanguage":"en-US","@id":"https:\/\/www.aspion.de\/en\/aspion-at-the-trade-press-days-2025\/#local-main-organization-logo","url":"https:\/\/www.aspion.de\/wp-content\/uploads\/2014\/05\/Aspion_GmbH_Active_SensorsPositioning_Logo_1.png","contentUrl":"https:\/\/www.aspion.de\/wp-content\/uploads\/2014\/05\/Aspion_GmbH_Active_SensorsPositioning_Logo_1.png","width":280,"height":71,"caption":"ASPION GmbH"}]},"geo.placename":"Karlsruhe","geo.region":"Germany"},"_links":{"self":[{"href":"https:\/\/www.aspion.de\/en\/wp-json\/wp\/v2\/posts\/23047","targetHints":{"allow":["GET"]}}],"collection":[{"href":"https:\/\/www.aspion.de\/en\/wp-json\/wp\/v2\/posts"}],"about":[{"href":"https:\/\/www.aspion.de\/en\/wp-json\/wp\/v2\/types\/post"}],"author":[{"embeddable":true,"href":"https:\/\/www.aspion.de\/en\/wp-json\/wp\/v2\/users\/1447"}],"replies":[{"embeddable":true,"href":"https:\/\/www.aspion.de\/en\/wp-json\/wp\/v2\/comments?post=23047"}],"version-history":[{"count":8,"href":"https:\/\/www.aspion.de\/en\/wp-json\/wp\/v2\/posts\/23047\/revisions"}],"predecessor-version":[{"id":23122,"href":"https:\/\/www.aspion.de\/en\/wp-json\/wp\/v2\/posts\/23047\/revisions\/23122"}],"wp:featuredmedia":[{"embeddable":true,"href":"https:\/\/www.aspion.de\/en\/wp-json\/wp\/v2\/media\/23025"}],"wp:attachment":[{"href":"https:\/\/www.aspion.de\/en\/wp-json\/wp\/v2\/media?parent=23047"}],"wp:term":[{"taxonomy":"category","embeddable":true,"href":"https:\/\/www.aspion.de\/en\/wp-json\/wp\/v2\/categories?post=23047"},{"taxonomy":"post_tag","embeddable":true,"href":"https:\/\/www.aspion.de\/en\/wp-json\/wp\/v2\/tags?post=23047"}],"curies":[{"name":"wp","href":"https:\/\/api.w.org\/{rel}","templated":true}]}}